{"id":6436,"date":"2019-12-13T15:07:51","date_gmt":"2019-12-13T14:07:51","guid":{"rendered":"https:\/\/www.vivez-nature.com\/paris\/?p=6436"},"modified":"2019-12-13T15:08:18","modified_gmt":"2019-12-13T14:08:18","slug":"decouvrez-la-permaculture-lagroecologie-et-le-jardinage-au-naturel-grace-a-permae","status":"publish","type":"post","link":"https:\/\/www.vivez-nature.com\/paris\/blog\/2019\/12\/13\/decouvrez-la-permaculture-lagroecologie-et-le-jardinage-au-naturel-grace-a-permae\/","title":{"rendered":"D\u00e9couvrez la permaculture, l&rsquo;agro\u00e9cologie et le jardinage au naturel gr\u00e2ce \u00e0 Permae"},"content":{"rendered":"<p><img class=\" wp-image-6437 alignleft\" src=\"https:\/\/www.vivez-nature.com\/paris\/wp-content\/uploads\/sites\/4\/2019\/12\/Fotolia_105816218_Subscription_Monthly_M-300x200.jpg\" alt=\"\" width=\"215\" height=\"143\" \/><\/p>\n<p>La Grande Halle de la Villette et son parc de 33 hectares sont des \u00e9crins de choix pour un salon \u00e9cologique comme Vivez Nature. C&rsquo;est d&rsquo;autant plus le cas cette ann\u00e9e car se tient conjointement Permae, le premier salon d\u00e9di\u00e9 \u00e0 la permaculture, l&rsquo;agro\u00e9cologie et au jardinage au naturel.\u00a0<\/p>\n<p>&nbsp;<\/p>\n<p><img class=\" wp-image-6369 alignleft\" src=\"https:\/\/www.vivez-nature.com\/paris\/wp-content\/uploads\/sites\/4\/2019\/09\/logo-permae-bleu-baseline-300x110.png\" alt=\"\" width=\"166\" height=\"61\" srcset=\"https:\/\/www.vivez-nature.com\/paris\/wp-content\/uploads\/sites\/4\/2019\/09\/logo-permae-bleu-baseline-300x110.png 300w, https:\/\/www.vivez-nature.com\/paris\/wp-content\/uploads\/sites\/4\/2019\/09\/logo-permae-bleu-baseline-150x55.png 150w, https:\/\/www.vivez-nature.com\/paris\/wp-content\/uploads\/sites\/4\/2019\/09\/logo-permae-bleu-baseline-500x183.png 500w, https:\/\/www.vivez-nature.com\/paris\/wp-content\/uploads\/sites\/4\/2019\/09\/logo-permae-bleu-baseline.png 562w\" sizes=\"(max-width: 166px) 100vw, 166px\" \/>Vous y d\u00e9couvrirez tout pour vous lancer dans des pratiques \u00e9cologiques et durables dans les jardins, potagers, terrains&#8230; :<\/p>\n<ul>\n<li>Recr\u00e9er de la biodiversit\u00e9<\/li>\n<li>Respecter les rythmes de la nature<\/li>\n<li>Prot\u00e9ger la faune<\/li>\n<li>Recycler les ressources<\/li>\n<li>Gagner en autonomie<\/li>\n<\/ul>\n<p>Des pratiques qui sont tout \u00e0 fait possibles en ville et contribuent \u00e0 d\u00e9velopper l&rsquo;\u00e9cologie urbaine.<br \/>\nVivez Nature et Permae, deux salons qui se compl\u00e8tent pour une vie \u00e9thique et durable.<\/p>\n<p><a href=\"https:\/\/www.salon-permae.com\" target=\"_blank\" rel=\"noopener noreferrer\">https:\/\/www.salon-permae.com<\/a><\/p>\n","protected":false},"excerpt":{"rendered":"<p>La Grande Halle de la Villette et son parc de 33 hectares sont des \u00e9crins de choix pour un salon \u00e9cologique comme Vivez Nature. C&rsquo;est d&rsquo;autant plus le cas cette ann\u00e9e car se tient conjointement Permae, le premier salon d\u00e9di\u00e9 \u00e0 la permaculture, l&rsquo;agro\u00e9cologie et au jardinage au naturel.\u00a0 &nbsp; Vous y d\u00e9couvrirez tout pour&hellip; <\/p>\n","protected":false},"author":1,"featured_media":6369,"comment_status":"closed","ping_status":"closed","sticky":false,"template":"","format":"standard","meta":{"_monsterinsights_skip_tracking":false,"_monsterinsights_sitenote_active":false,"_monsterinsights_sitenote_note":"","_monsterinsights_sitenote_category":0,"jetpack_publicize_message":"","jetpack_is_tweetstorm":false,"jetpack_publicize_feature_enabled":true},"categories":[1],"tags":[],"jetpack_publicize_connections":[],"yoast_head":"<!-- This site is optimized with the Yoast SEO plugin v19.0 - https:\/\/yoast.com\/wordpress\/plugins\/seo\/ -->\n<title>D\u00e9couvrez la permaculture, l&#039;agro\u00e9cologie et le jardinage au naturel gr\u00e2ce \u00e0 Permae - VIVEZ NATURE PARIS<\/title>\n<meta name=\"robots\" content=\"index, follow, max-snippet:-1, max-image-preview:large, max-video-preview:-1\" \/>\n<link rel=\"canonical\" href=\"https:\/\/www.vivez-nature.com\/paris\/blog\/2019\/12\/13\/decouvrez-la-permaculture-lagroecologie-et-le-jardinage-au-naturel-grace-a-permae\/\" \/>\n<meta property=\"og:locale\" content=\"fr_FR\" \/>\n<meta property=\"og:type\" content=\"article\" \/>\n<meta property=\"og:title\" content=\"D\u00e9couvrez la permaculture, l&#039;agro\u00e9cologie et le jardinage au naturel gr\u00e2ce \u00e0 Permae - VIVEZ NATURE PARIS\" \/>\n<meta property=\"og:description\" content=\"La Grande Halle de la Villette et son parc de 33 hectares sont des \u00e9crins de choix pour un salon \u00e9cologique comme Vivez Nature. C&rsquo;est d&rsquo;autant plus le cas cette ann\u00e9e car se tient conjointement Permae, le premier salon d\u00e9di\u00e9 \u00e0 la permaculture, l&rsquo;agro\u00e9cologie et au jardinage au naturel.\u00a0 &nbsp; Vous y d\u00e9couvrirez tout pour&hellip;\" \/>\n<meta property=\"og:url\" content=\"https:\/\/www.vivez-nature.com\/paris\/blog\/2019\/12\/13\/decouvrez-la-permaculture-lagroecologie-et-le-jardinage-au-naturel-grace-a-permae\/\" \/>\n<meta property=\"og:site_name\" content=\"VIVEZ NATURE PARIS\" \/>\n<meta property=\"article:published_time\" content=\"2019-12-13T14:07:51+00:00\" \/>\n<meta property=\"article:modified_time\" content=\"2019-12-13T14:08:18+00:00\" \/>\n<meta property=\"og:image\" content=\"https:\/\/www.vivez-nature.com\/paris\/wp-content\/uploads\/sites\/4\/2019\/09\/logo-permae-bleu-baseline.png\" \/>\n\t<meta property=\"og:image:width\" content=\"562\" \/>\n\t<meta property=\"og:image:height\" content=\"206\" \/>\n\t<meta property=\"og:image:type\" content=\"image\/png\" \/>\n<meta name=\"twitter:card\" content=\"summary_large_image\" \/>\n<meta name=\"twitter:label1\" content=\"\u00c9crit par\" \/>\n\t<meta name=\"twitter:data1\" content=\"#VivezNatureParis\" \/>\n\t<meta name=\"twitter:label2\" content=\"Dur\u00e9e de lecture estim\u00e9e\" \/>\n\t<meta name=\"twitter:data2\" content=\"1 minute\" \/>\n<script type=\"application\/ld+json\" class=\"yoast-schema-graph\">{\"@context\":\"https:\/\/schema.org\",\"@graph\":[{\"@type\":\"WebSite\",\"@id\":\"https:\/\/www.vivez-nature.com\/paris\/#website\",\"url\":\"https:\/\/www.vivez-nature.com\/paris\/\",\"name\":\"VIVEZ NATURE PARIS\",\"description\":\"Salon Bio Nature et Bien-\u00eatre\",\"potentialAction\":[{\"@type\":\"SearchAction\",\"target\":{\"@type\":\"EntryPoint\",\"urlTemplate\":\"https:\/\/www.vivez-nature.com\/paris\/?s={search_term_string}\"},\"query-input\":\"required name=search_term_string\"}],\"inLanguage\":\"fr-FR\"},{\"@type\":\"ImageObject\",\"inLanguage\":\"fr-FR\",\"@id\":\"https:\/\/www.vivez-nature.com\/paris\/blog\/2019\/12\/13\/decouvrez-la-permaculture-lagroecologie-et-le-jardinage-au-naturel-grace-a-permae\/#primaryimage\",\"url\":\"https:\/\/www.vivez-nature.com\/paris\/wp-content\/uploads\/sites\/4\/2019\/09\/logo-permae-bleu-baseline.png\",\"contentUrl\":\"https:\/\/www.vivez-nature.com\/paris\/wp-content\/uploads\/sites\/4\/2019\/09\/logo-permae-bleu-baseline.png\",\"width\":562,\"height\":206},{\"@type\":\"WebPage\",\"@id\":\"https:\/\/www.vivez-nature.com\/paris\/blog\/2019\/12\/13\/decouvrez-la-permaculture-lagroecologie-et-le-jardinage-au-naturel-grace-a-permae\/#webpage\",\"url\":\"https:\/\/www.vivez-nature.com\/paris\/blog\/2019\/12\/13\/decouvrez-la-permaculture-lagroecologie-et-le-jardinage-au-naturel-grace-a-permae\/\",\"name\":\"D\u00e9couvrez la permaculture, l'agro\u00e9cologie et le jardinage au naturel gr\u00e2ce \u00e0 Permae - VIVEZ NATURE PARIS\",\"isPartOf\":{\"@id\":\"https:\/\/www.vivez-nature.com\/paris\/#website\"},\"primaryImageOfPage\":{\"@id\":\"https:\/\/www.vivez-nature.com\/paris\/blog\/2019\/12\/13\/decouvrez-la-permaculture-lagroecologie-et-le-jardinage-au-naturel-grace-a-permae\/#primaryimage\"},\"datePublished\":\"2019-12-13T14:07:51+00:00\",\"dateModified\":\"2019-12-13T14:08:18+00:00\",\"author\":{\"@id\":\"https:\/\/www.vivez-nature.com\/paris\/#\/schema\/person\/fd603f85622bcbb2a2feb7394bd42eb3\"},\"breadcrumb\":{\"@id\":\"https:\/\/www.vivez-nature.com\/paris\/blog\/2019\/12\/13\/decouvrez-la-permaculture-lagroecologie-et-le-jardinage-au-naturel-grace-a-permae\/#breadcrumb\"},\"inLanguage\":\"fr-FR\",\"potentialAction\":[{\"@type\":\"ReadAction\",\"target\":[\"https:\/\/www.vivez-nature.com\/paris\/blog\/2019\/12\/13\/decouvrez-la-permaculture-lagroecologie-et-le-jardinage-au-naturel-grace-a-permae\/\"]}]},{\"@type\":\"BreadcrumbList\",\"@id\":\"https:\/\/www.vivez-nature.com\/paris\/blog\/2019\/12\/13\/decouvrez-la-permaculture-lagroecologie-et-le-jardinage-au-naturel-grace-a-permae\/#breadcrumb\",\"itemListElement\":[{\"@type\":\"ListItem\",\"position\":1,\"name\":\"Accueil\",\"item\":\"https:\/\/www.vivez-nature.com\/paris\/\"},{\"@type\":\"ListItem\",\"position\":2,\"name\":\"D\u00e9couvrez la permaculture, l&rsquo;agro\u00e9cologie et le jardinage au naturel gr\u00e2ce \u00e0 Permae\"}]},{\"@type\":\"Person\",\"@id\":\"https:\/\/www.vivez-nature.com\/paris\/#\/schema\/person\/fd603f85622bcbb2a2feb7394bd42eb3\",\"name\":\"#VivezNatureParis\",\"image\":{\"@type\":\"ImageObject\",\"inLanguage\":\"fr-FR\",\"@id\":\"https:\/\/www.vivez-nature.com\/paris\/#\/schema\/person\/image\/\",\"url\":\"https:\/\/secure.gravatar.com\/avatar\/ad53c607cd34dba93c63fbc0c0ab03ec?s=96&d=mm&r=g\",\"contentUrl\":\"https:\/\/secure.gravatar.com\/avatar\/ad53c607cd34dba93c63fbc0c0ab03ec?s=96&d=mm&r=g\",\"caption\":\"#VivezNatureParis\"},\"url\":\"https:\/\/www.vivez-nature.com\/paris\/blog\/author\/admin\/\"}]}<\/script>\n<!-- \/ Yoast SEO plugin. -->","yoast_head_json":{"title":"D\u00e9couvrez la permaculture, l'agro\u00e9cologie et le jardinage au naturel gr\u00e2ce \u00e0 Permae - VIVEZ NATURE PARIS","robots":{"index":"index","follow":"follow","max-snippet":"max-snippet:-1","max-image-preview":"max-image-preview:large","max-video-preview":"max-video-preview:-1"},"canonical":"https:\/\/www.vivez-nature.com\/paris\/blog\/2019\/12\/13\/decouvrez-la-permaculture-lagroecologie-et-le-jardinage-au-naturel-grace-a-permae\/","og_locale":"fr_FR","og_type":"article","og_title":"D\u00e9couvrez la permaculture, l'agro\u00e9cologie et le jardinage au naturel gr\u00e2ce \u00e0 Permae - VIVEZ NATURE PARIS","og_description":"La Grande Halle de la Villette et son parc de 33 hectares sont des \u00e9crins de choix pour un salon \u00e9cologique comme Vivez Nature. C&rsquo;est d&rsquo;autant plus le cas cette ann\u00e9e car se tient conjointement Permae, le premier salon d\u00e9di\u00e9 \u00e0 la permaculture, l&rsquo;agro\u00e9cologie et au jardinage au naturel.\u00a0 &nbsp; Vous y d\u00e9couvrirez tout pour&hellip;","og_url":"https:\/\/www.vivez-nature.com\/paris\/blog\/2019\/12\/13\/decouvrez-la-permaculture-lagroecologie-et-le-jardinage-au-naturel-grace-a-permae\/","og_site_name":"VIVEZ NATURE PARIS","article_published_time":"2019-12-13T14:07:51+00:00","article_modified_time":"2019-12-13T14:08:18+00:00","og_image":[{"width":562,"height":206,"url":"https:\/\/www.vivez-nature.com\/paris\/wp-content\/uploads\/sites\/4\/2019\/09\/logo-permae-bleu-baseline.png","type":"image\/png"}],"twitter_card":"summary_large_image","twitter_misc":{"\u00c9crit par":"#VivezNatureParis","Dur\u00e9e de lecture estim\u00e9e":"1 minute"},"schema":{"@context":"https:\/\/schema.org","@graph":[{"@type":"WebSite","@id":"https:\/\/www.vivez-nature.com\/paris\/#website","url":"https:\/\/www.vivez-nature.com\/paris\/","name":"VIVEZ NATURE PARIS","description":"Salon Bio Nature et Bien-\u00eatre","potentialAction":[{"@type":"SearchAction","target":{"@type":"EntryPoint","urlTemplate":"https:\/\/www.vivez-nature.com\/paris\/?s={search_term_string}"},"query-input":"required name=search_term_string"}],"inLanguage":"fr-FR"},{"@type":"ImageObject","inLanguage":"fr-FR","@id":"https:\/\/www.vivez-nature.com\/paris\/blog\/2019\/12\/13\/decouvrez-la-permaculture-lagroecologie-et-le-jardinage-au-naturel-grace-a-permae\/#primaryimage","url":"https:\/\/www.vivez-nature.com\/paris\/wp-content\/uploads\/sites\/4\/2019\/09\/logo-permae-bleu-baseline.png","contentUrl":"https:\/\/www.vivez-nature.com\/paris\/wp-content\/uploads\/sites\/4\/2019\/09\/logo-permae-bleu-baseline.png","width":562,"height":206},{"@type":"WebPage","@id":"https:\/\/www.vivez-nature.com\/paris\/blog\/2019\/12\/13\/decouvrez-la-permaculture-lagroecologie-et-le-jardinage-au-naturel-grace-a-permae\/#webpage","url":"https:\/\/www.vivez-nature.com\/paris\/blog\/2019\/12\/13\/decouvrez-la-permaculture-lagroecologie-et-le-jardinage-au-naturel-grace-a-permae\/","name":"D\u00e9couvrez la permaculture, l'agro\u00e9cologie et le jardinage au naturel gr\u00e2ce \u00e0 Permae - VIVEZ NATURE PARIS","isPartOf":{"@id":"https:\/\/www.vivez-nature.com\/paris\/#website"},"primaryImageOfPage":{"@id":"https:\/\/www.vivez-nature.com\/paris\/blog\/2019\/12\/13\/decouvrez-la-permaculture-lagroecologie-et-le-jardinage-au-naturel-grace-a-permae\/#primaryimage"},"datePublished":"2019-12-13T14:07:51+00:00","dateModified":"2019-12-13T14:08:18+00:00","author":{"@id":"https:\/\/www.vivez-nature.com\/paris\/#\/schema\/person\/fd603f85622bcbb2a2feb7394bd42eb3"},"breadcrumb":{"@id":"https:\/\/www.vivez-nature.com\/paris\/blog\/2019\/12\/13\/decouvrez-la-permaculture-lagroecologie-et-le-jardinage-au-naturel-grace-a-permae\/#breadcrumb"},"inLanguage":"fr-FR","potentialAction":[{"@type":"ReadAction","target":["https:\/\/www.vivez-nature.com\/paris\/blog\/2019\/12\/13\/decouvrez-la-permaculture-lagroecologie-et-le-jardinage-au-naturel-grace-a-permae\/"]}]},{"@type":"BreadcrumbList","@id":"https:\/\/www.vivez-nature.com\/paris\/blog\/2019\/12\/13\/decouvrez-la-permaculture-lagroecologie-et-le-jardinage-au-naturel-grace-a-permae\/#breadcrumb","itemListElement":[{"@type":"ListItem","position":1,"name":"Accueil","item":"https:\/\/www.vivez-nature.com\/paris\/"},{"@type":"ListItem","position":2,"name":"D\u00e9couvrez la permaculture, l&rsquo;agro\u00e9cologie et le jardinage au naturel gr\u00e2ce \u00e0 Permae"}]},{"@type":"Person","@id":"https:\/\/www.vivez-nature.com\/paris\/#\/schema\/person\/fd603f85622bcbb2a2feb7394bd42eb3","name":"#VivezNatureParis","image":{"@type":"ImageObject","inLanguage":"fr-FR","@id":"https:\/\/www.vivez-nature.com\/paris\/#\/schema\/person\/image\/","url":"https:\/\/secure.gravatar.com\/avatar\/ad53c607cd34dba93c63fbc0c0ab03ec?s=96&d=mm&r=g","contentUrl":"https:\/\/secure.gravatar.com\/avatar\/ad53c607cd34dba93c63fbc0c0ab03ec?s=96&d=mm&r=g","caption":"#VivezNatureParis"},"url":"https:\/\/www.vivez-nature.com\/paris\/blog\/author\/admin\/"}]}},"jetpack_featured_media_url":"https:\/\/www.vivez-nature.com\/paris\/wp-content\/uploads\/sites\/4\/2019\/09\/logo-permae-bleu-baseline.png","_links":{"self":[{"href":"https:\/\/www.vivez-nature.com\/paris\/wp-json\/wp\/v2\/posts\/6436"}],"collection":[{"href":"https:\/\/www.vivez-nature.com\/paris\/wp-json\/wp\/v2\/posts"}],"about":[{"href":"https:\/\/www.vivez-nature.com\/paris\/wp-json\/wp\/v2\/types\/post"}],"author":[{"embeddable":true,"href":"https:\/\/www.vivez-nature.com\/paris\/wp-json\/wp\/v2\/users\/1"}],"replies":[{"embeddable":true,"href":"https:\/\/www.vivez-nature.com\/paris\/wp-json\/wp\/v2\/comments?post=6436"}],"version-history":[{"count":3,"href":"https:\/\/www.vivez-nature.com\/paris\/wp-json\/wp\/v2\/posts\/6436\/revisions"}],"predecessor-version":[{"id":6440,"href":"https:\/\/www.vivez-nature.com\/paris\/wp-json\/wp\/v2\/posts\/6436\/revisions\/6440"}],"wp:featuredmedia":[{"embeddable":true,"href":"https:\/\/www.vivez-nature.com\/paris\/wp-json\/wp\/v2\/media\/6369"}],"wp:attachment":[{"href":"https:\/\/www.vivez-nature.com\/paris\/wp-json\/wp\/v2\/media?parent=6436"}],"wp:term":[{"taxonomy":"category","embeddable":true,"href":"https:\/\/www.vivez-nature.com\/paris\/wp-json\/wp\/v2\/categories?post=6436"},{"taxonomy":"post_tag","embeddable":true,"href":"https:\/\/www.vivez-nature.com\/paris\/wp-json\/wp\/v2\/tags?post=6436"}],"curies":[{"name":"wp","href":"https:\/\/api.w.org\/{rel}","templated":true}]}}